{"id":1963,"date":"2021-03-10T15:14:54","date_gmt":"2021-03-10T14:14:54","guid":{"rendered":"https:\/\/www.tpv-avto.si\/si\/?p=1963"},"modified":"2021-03-10T15:16:18","modified_gmt":"2021-03-10T14:16:18","slug":"toyota-yaris-je-evropski-avtomobil-leta-2","status":"publish","type":"post","link":"https:\/\/www.tpv-avto.si\/si\/nova-vozila\/toyota-yaris-je-evropski-avtomobil-leta-2\/","title":{"rendered":"Toyota Yaris je evropski avtomobil leta!"},"content":{"rendered":"<p><a href=\"https:\/\/www.tpv-avto.si\/si\/wp-content\/uploads\/sites\/2\/2021\/03\/Toyota_Yaris-EAL_FB-cover_SLO_2.jpg\"><img loading=\"lazy\" class=\"alignnone size-medium wp-image-1958\" src=\"https:\/\/www.tpv-avto.si\/si\/wp-content\/uploads\/sites\/2\/2021\/03\/Toyota_Yaris-EAL_FB-cover_SLO_2-300x132.jpg\" alt=\"\" width=\"300\" height=\"132\" srcset=\"https:\/\/www.tpv-avto.si\/si\/wp-content\/uploads\/sites\/2\/2021\/03\/Toyota_Yaris-EAL_FB-cover_SLO_2-300x132.jpg 300w, https:\/\/www.tpv-avto.si\/si\/wp-content\/uploads\/sites\/2\/2021\/03\/Toyota_Yaris-EAL_FB-cover_SLO_2-768x337.jpg 768w, https:\/\/www.tpv-avto.si\/si\/wp-content\/uploads\/sites\/2\/2021\/03\/Toyota_Yaris-EAL_FB-cover_SLO_2-705x310.jpg 705w, https:\/\/www.tpv-avto.si\/si\/wp-content\/uploads\/sites\/2\/2021\/03\/Toyota_Yaris-EAL_FB-cover_SLO_2-450x198.jpg 450w, https:\/\/www.tpv-avto.si\/si\/wp-content\/uploads\/sites\/2\/2021\/03\/Toyota_Yaris-EAL_FB-cover_SLO_2.jpg 820w\" sizes=\"(max-width: 300px) 100vw, 300px\" \/><\/a><\/p>\n<p>Nova <strong>toyota yaris, <\/strong>ki si jo lahko ogledate in preizkusite v salonih TPV AVTO, je v tekmi za naslov <strong>evropski avto leta 2021<\/strong> krepko ugnala tekmece. To ji je uspelo <strong>\u017ee drugi\u010d v zgodovini<\/strong>. Novi yaris se je vrnil po najimenitnej\u0161o evropsko avtomobilsko trofejo. Osvojil jo je tudi prvi yaris leta 2000. Z dvema naslovoma se lahko pohvalita le \u0161e renault clio in volkswagen golf.<\/p>\n<p>Organizatorji izbora so zapisali, da so yarisove vrline skromnej\u0161e mere od tekmecev v B razredu, zrelost in dodelanost na vseh podro\u010djih, zelo dobra kakovost izdelave, udobje, varnost, zmogljivosti in celo vozne lastnosti. <strong>Klju\u010dna prednost yarisa pa je zelo u\u010dinkovit hibridni pogonski sklop<\/strong>, kjer se bencinski motor umika elektri\u010dnemu. Ena od prednosti yarisa je <strong>tudi dostopna cena<\/strong>.<\/p>\n<p>V Toyoti so navdu\u0161eni nad dejstvom, da je najve\u010dje evropsko priznanje pri\u0161lo le nekaj dni za tem, ko je bil Yaris prvi\u010d razgla\u0161en za <strong>najbolje prodajani evropski avtomobil.<\/strong><\/p>\n<p><strong>Matt Harrison<\/strong>, izvr\u0161ni podpredsednik Toyota Motor Europe, pa je ob razglasitvi povedal naslednje: <em>&#8220;Za nas je to velika \u010dast. To je \u017ee tretji naslov Evropski avtomobil leta za znamko Toyota. Prvi\u010d je to priznanje dobil Yaris leta 2000. Leta 2005 je ta nagrada pripadla Priusu, sedaj pa \u0161e \u010detrti generaciji modela Yaris. To je veliko priznanje za na\u0161e delo in trud. Ob tem bi se \u017eelel \u0161e posebej zahvaliti razvojnim ekipam v Evropi in na Japonskem. <\/em><em><strong>To je najbolj\u0161i Yaris, ki smo ga kdajkoli izdelali<\/strong><\/em><em>. S tem smo uresni\u010dili tudi besede Akia Toyode, ki si je za\u017eelel, da bi na\u0161i avtomobili na obraze kupcev narisali \u0161irok nasmeh.\u00ab<\/em><\/p>\n<p>Kako so se razvrstile to\u010dke finalistov izbora:<\/p>\n<ul>\n<li>Toyota yaris &#8211; 266<\/li>\n<li>Fiat 500e &#8211; 240<\/li>\n<li>Cupra formentor &#8211; 239<\/li>\n<li>Volkswagen ID.3 &#8211; 224<\/li>\n<li>\u0160koda octavia &#8211; 199<\/li>\n<li>Land rover defender &#8211; 164<\/li>\n<li>Citro\u00ebn C4 &#8211; 143<\/li>\n<\/ul>\n<p>\u017dirija za evropski avto leta \u0161teje 59 \u010dlanov. Med njimi je tudi slovenski \u017eirant Sebastjan Plevnjak iz oddaje Avtomobilnost.<\/p>\n<p>&nbsp;<\/p>\n<p>Na ogled in preisku\u0161njo vabljeni v prodajni salon TPV AVTO.<\/p>\n<p>&nbsp;<\/p>\n<p><a href=\"https:\/\/www.tpv-avto.si\/si\/wp-content\/uploads\/sites\/2\/2021\/03\/Toyota-Yaris-550x350.jpg\"><img loading=\"lazy\" class=\"alignnone size-medium wp-image-1957\" src=\"https:\/\/www.tpv-avto.si\/si\/wp-content\/uploads\/sites\/2\/2021\/03\/Toyota-Yaris-550x350-300x191.jpg\" alt=\"\" width=\"300\" height=\"191\" srcset=\"https:\/\/www.tpv-avto.si\/si\/wp-content\/uploads\/sites\/2\/2021\/03\/Toyota-Yaris-550x350-300x191.jpg 300w, https:\/\/www.tpv-avto.si\/si\/wp-content\/uploads\/sites\/2\/2021\/03\/Toyota-Yaris-550x350-450x286.jpg 450w, https:\/\/www.tpv-avto.si\/si\/wp-content\/uploads\/sites\/2\/2021\/03\/Toyota-Yaris-550x350.jpg 550w\" sizes=\"(max-width: 300px) 100vw, 300px\" \/><\/a><\/p>\n<p>&nbsp;<\/p>\n<p><a href=\"https:\/\/www.rtvslo.si\/zabava-in-slog\/avtomobilnost\/evropski-avto-leta-2021-je-toyota-yaris\/571327\">rtvslo<\/a><\/p>\n","protected":false},"excerpt":{"rendered":"<p>Nova toyota yaris, ki si jo lahko ogledate in preizkusite v salonih TPV AVTO, je \u017ee drugi\u010d v zgodovini postala evropski avto leta 2021.<\/p>\n","protected":false},"author":1,"featured_media":1958,"comment_status":"closed","ping_status":"closed","sticky":false,"template":"","format":"standard","meta":[],"categories":[11,15],"tags":[],"yoast_head":"<!-- This site is optimized with the Yoast SEO plugin v19.7.1 - https:\/\/yoast.com\/wordpress\/plugins\/seo\/ -->\n<title>Toyota Yaris je evropski avtomobil leta! - TPV Avto<\/title>\n<meta name=\"robots\" content=\"index, follow, max-snippet:-1, max-image-preview:large, max-video-preview:-1\" \/>\n<link rel=\"canonical\" href=\"https:\/\/www.tpv-avto.si\/si\/nova-vozila\/toyota-yaris-je-evropski-avtomobil-leta-2\/\" \/>\n<meta property=\"og:locale\" content=\"sl_SI\" \/>\n<meta property=\"og:type\" content=\"article\" \/>\n<meta property=\"og:title\" content=\"Toyota Yaris je evropski avtomobil leta! - TPV Avto\" \/>\n<meta property=\"og:description\" content=\"Nova toyota yaris, ki si jo lahko ogledate in preizkusite v salonih TPV AVTO, je \u017ee drugi\u010d v zgodovini postala evropski avto leta 2021.\" \/>\n<meta property=\"og:url\" content=\"https:\/\/www.tpv-avto.si\/si\/nova-vozila\/toyota-yaris-je-evropski-avtomobil-leta-2\/\" \/>\n<meta property=\"og:site_name\" content=\"TPV Avto\" \/>\n<meta property=\"article:published_time\" content=\"2021-03-10T14:14:54+00:00\" \/>\n<meta property=\"article:modified_time\" content=\"2021-03-10T14:16:18+00:00\" \/>\n<meta property=\"og:image\" content=\"https:\/\/www.tpv-avto.si\/si\/wp-content\/uploads\/sites\/2\/2021\/03\/Toyota_Yaris-EAL_FB-cover_SLO_2.jpg\" \/>\n\t<meta property=\"og:image:width\" content=\"820\" \/>\n\t<meta property=\"og:image:height\" content=\"360\" \/>\n\t<meta property=\"og:image:type\" content=\"image\/jpeg\" \/>\n<meta name=\"author\" content=\"admin\" \/>\n<meta name=\"twitter:card\" content=\"summary\" \/>\n<meta name=\"twitter:label1\" content=\"Written by\" \/>\n\t<meta name=\"twitter:data1\" content=\"admin\" \/>\n\t<meta name=\"twitter:label2\" content=\"Est. reading time\" \/>\n\t<meta name=\"twitter:data2\" content=\"2 minuti\" \/>\n<script type=\"application\/ld+json\" class=\"yoast-schema-graph\">{\"@context\":\"https:\/\/schema.org\",\"@graph\":[{\"@type\":\"WebPage\",\"@id\":\"https:\/\/www.tpv-avto.si\/si\/nova-vozila\/toyota-yaris-je-evropski-avtomobil-leta-2\/\",\"url\":\"https:\/\/www.tpv-avto.si\/si\/nova-vozila\/toyota-yaris-je-evropski-avtomobil-leta-2\/\",\"name\":\"Toyota Yaris je evropski avtomobil leta! - TPV Avto\",\"isPartOf\":{\"@id\":\"https:\/\/www.tpv-avto.si\/si\/#website\"},\"datePublished\":\"2021-03-10T14:14:54+00:00\",\"dateModified\":\"2021-03-10T14:16:18+00:00\",\"author\":{\"@id\":\"https:\/\/www.tpv-avto.si\/si\/#\/schema\/person\/665e426c5fe09fe187cae76b2d379680\"},\"breadcrumb\":{\"@id\":\"https:\/\/www.tpv-avto.si\/si\/nova-vozila\/toyota-yaris-je-evropski-avtomobil-leta-2\/#breadcrumb\"},\"inLanguage\":\"sl-SI\",\"potentialAction\":[{\"@type\":\"ReadAction\",\"target\":[\"https:\/\/www.tpv-avto.si\/si\/nova-vozila\/toyota-yaris-je-evropski-avtomobil-leta-2\/\"]}]},{\"@type\":\"BreadcrumbList\",\"@id\":\"https:\/\/www.tpv-avto.si\/si\/nova-vozila\/toyota-yaris-je-evropski-avtomobil-leta-2\/#breadcrumb\",\"itemListElement\":[{\"@type\":\"ListItem\",\"position\":1,\"name\":\"Home\",\"item\":\"https:\/\/www.tpv-avto.si\/si\/\"},{\"@type\":\"ListItem\",\"position\":2,\"name\":\"Toyota Yaris je evropski avtomobil leta!\"}]},{\"@type\":\"WebSite\",\"@id\":\"https:\/\/www.tpv-avto.si\/si\/#website\",\"url\":\"https:\/\/www.tpv-avto.si\/si\/\",\"name\":\"TPV Avto\",\"description\":\"TPV Avto, podjetje za tr\u017eenje in vzdr\u017eevanje vozil\",\"potentialAction\":[{\"@type\":\"SearchAction\",\"target\":{\"@type\":\"EntryPoint\",\"urlTemplate\":\"https:\/\/www.tpv-avto.si\/si\/?s={search_term_string}\"},\"query-input\":\"required name=search_term_string\"}],\"inLanguage\":\"sl-SI\"},{\"@type\":\"Person\",\"@id\":\"https:\/\/www.tpv-avto.si\/si\/#\/schema\/person\/665e426c5fe09fe187cae76b2d379680\",\"name\":\"admin\",\"image\":{\"@type\":\"ImageObject\",\"inLanguage\":\"sl-SI\",\"@id\":\"https:\/\/www.tpv-avto.si\/si\/#\/schema\/person\/image\/\",\"url\":\"https:\/\/secure.gravatar.com\/avatar\/9aa4ef44f3d6c6219ef93dc011c0bf89?s=96&d=mm&r=g\",\"contentUrl\":\"https:\/\/secure.gravatar.com\/avatar\/9aa4ef44f3d6c6219ef93dc011c0bf89?s=96&d=mm&r=g\",\"caption\":\"admin\"},\"url\":\"https:\/\/www.tpv-avto.si\/si\/author\/admin\/\"}]}<\/script>\n<!-- \/ Yoast SEO plugin. -->","yoast_head_json":{"title":"Toyota Yaris je evropski avtomobil leta! - TPV Avto","robots":{"index":"index","follow":"follow","max-snippet":"max-snippet:-1","max-image-preview":"max-image-preview:large","max-video-preview":"max-video-preview:-1"},"canonical":"https:\/\/www.tpv-avto.si\/si\/nova-vozila\/toyota-yaris-je-evropski-avtomobil-leta-2\/","og_locale":"sl_SI","og_type":"article","og_title":"Toyota Yaris je evropski avtomobil leta! - TPV Avto","og_description":"Nova toyota yaris, ki si jo lahko ogledate in preizkusite v salonih TPV AVTO, je \u017ee drugi\u010d v zgodovini postala evropski avto leta 2021.","og_url":"https:\/\/www.tpv-avto.si\/si\/nova-vozila\/toyota-yaris-je-evropski-avtomobil-leta-2\/","og_site_name":"TPV Avto","article_published_time":"2021-03-10T14:14:54+00:00","article_modified_time":"2021-03-10T14:16:18+00:00","og_image":[{"width":820,"height":360,"url":"https:\/\/www.tpv-avto.si\/si\/wp-content\/uploads\/sites\/2\/2021\/03\/Toyota_Yaris-EAL_FB-cover_SLO_2.jpg","type":"image\/jpeg"}],"author":"admin","twitter_card":"summary","twitter_misc":{"Written by":"admin","Est. reading time":"2 minuti"},"schema":{"@context":"https:\/\/schema.org","@graph":[{"@type":"WebPage","@id":"https:\/\/www.tpv-avto.si\/si\/nova-vozila\/toyota-yaris-je-evropski-avtomobil-leta-2\/","url":"https:\/\/www.tpv-avto.si\/si\/nova-vozila\/toyota-yaris-je-evropski-avtomobil-leta-2\/","name":"Toyota Yaris je evropski avtomobil leta! - TPV Avto","isPartOf":{"@id":"https:\/\/www.tpv-avto.si\/si\/#website"},"datePublished":"2021-03-10T14:14:54+00:00","dateModified":"2021-03-10T14:16:18+00:00","author":{"@id":"https:\/\/www.tpv-avto.si\/si\/#\/schema\/person\/665e426c5fe09fe187cae76b2d379680"},"breadcrumb":{"@id":"https:\/\/www.tpv-avto.si\/si\/nova-vozila\/toyota-yaris-je-evropski-avtomobil-leta-2\/#breadcrumb"},"inLanguage":"sl-SI","potentialAction":[{"@type":"ReadAction","target":["https:\/\/www.tpv-avto.si\/si\/nova-vozila\/toyota-yaris-je-evropski-avtomobil-leta-2\/"]}]},{"@type":"BreadcrumbList","@id":"https:\/\/www.tpv-avto.si\/si\/nova-vozila\/toyota-yaris-je-evropski-avtomobil-leta-2\/#breadcrumb","itemListElement":[{"@type":"ListItem","position":1,"name":"Home","item":"https:\/\/www.tpv-avto.si\/si\/"},{"@type":"ListItem","position":2,"name":"Toyota Yaris je evropski avtomobil leta!"}]},{"@type":"WebSite","@id":"https:\/\/www.tpv-avto.si\/si\/#website","url":"https:\/\/www.tpv-avto.si\/si\/","name":"TPV Avto","description":"TPV Avto, podjetje za tr\u017eenje in vzdr\u017eevanje vozil","potentialAction":[{"@type":"SearchAction","target":{"@type":"EntryPoint","urlTemplate":"https:\/\/www.tpv-avto.si\/si\/?s={search_term_string}"},"query-input":"required name=search_term_string"}],"inLanguage":"sl-SI"},{"@type":"Person","@id":"https:\/\/www.tpv-avto.si\/si\/#\/schema\/person\/665e426c5fe09fe187cae76b2d379680","name":"admin","image":{"@type":"ImageObject","inLanguage":"sl-SI","@id":"https:\/\/www.tpv-avto.si\/si\/#\/schema\/person\/image\/","url":"https:\/\/secure.gravatar.com\/avatar\/9aa4ef44f3d6c6219ef93dc011c0bf89?s=96&d=mm&r=g","contentUrl":"https:\/\/secure.gravatar.com\/avatar\/9aa4ef44f3d6c6219ef93dc011c0bf89?s=96&d=mm&r=g","caption":"admin"},"url":"https:\/\/www.tpv-avto.si\/si\/author\/admin\/"}]}},"_links":{"self":[{"href":"https:\/\/www.tpv-avto.si\/si\/wp-json\/wp\/v2\/posts\/1963"}],"collection":[{"href":"https:\/\/www.tpv-avto.si\/si\/wp-json\/wp\/v2\/posts"}],"about":[{"href":"https:\/\/www.tpv-avto.si\/si\/wp-json\/wp\/v2\/types\/post"}],"author":[{"embeddable":true,"href":"https:\/\/www.tpv-avto.si\/si\/wp-json\/wp\/v2\/users\/1"}],"replies":[{"embeddable":true,"href":"https:\/\/www.tpv-avto.si\/si\/wp-json\/wp\/v2\/comments?post=1963"}],"version-history":[{"count":3,"href":"https:\/\/www.tpv-avto.si\/si\/wp-json\/wp\/v2\/posts\/1963\/revisions"}],"predecessor-version":[{"id":1966,"href":"https:\/\/www.tpv-avto.si\/si\/wp-json\/wp\/v2\/posts\/1963\/revisions\/1966"}],"wp:featuredmedia":[{"embeddable":true,"href":"https:\/\/www.tpv-avto.si\/si\/wp-json\/wp\/v2\/media\/1958"}],"wp:attachment":[{"href":"https:\/\/www.tpv-avto.si\/si\/wp-json\/wp\/v2\/media?parent=1963"}],"wp:term":[{"taxonomy":"category","embeddable":true,"href":"https:\/\/www.tpv-avto.si\/si\/wp-json\/wp\/v2\/categories?post=1963"},{"taxonomy":"post_tag","embeddable":true,"href":"https:\/\/www.tpv-avto.si\/si\/wp-json\/wp\/v2\/tags?post=1963"}],"curies":[{"name":"wp","href":"https:\/\/api.w.org\/{rel}","templated":true}]}}